{"id":1105,"date":"2013-09-18T10:14:14","date_gmt":"2013-09-18T09:14:14","guid":{"rendered":"http:\/\/prevention.suicide.free.fr\/?p=1105"},"modified":"2013-09-18T10:14:14","modified_gmt":"2013-09-18T09:14:14","slug":"pommereau-2007-a-propos-du-suicide-des-adolescents","status":"publish","type":"post","link":"http:\/\/humanitas.asso.free.fr\/?p=1105","title":{"rendered":"POMMEREAU (2007) \u00c0 propos du suicide des adolescents"},"content":{"rendered":"<p><em>Que faire face \u00e0 un jeune qui a des id\u00e9es de suicide ou qui a tent\u00e9 de se suicider ? Les r\u00e9ponses du Dr Xavier Pommereau, responsable du centre Jean Abadie, p\u00f4le adolescents Aquitaine, CHU de Bordeaux interview\u00e9 en 2007.<\/em><\/p>\n<p><iframe loading=\"lazy\" class=\"player\" frameborder=\"0\" scrolling=\"no\" allowfullscreen=\"true\" webkitallowfullscreen=\"true\" mozallowfullscreen=\"true\" src=\"http:\/\/www.universcience.tv\/index.php\/view-media-html5-3821.html\" width=\"576\" height=\"324\"><noframes><a title=\"\u00c0 propos du suicide des adolescents\" href=\"http:\/\/www.universcience.tv\/video-a-propos-du-suicide-des-adolescents-3821.html\"><img decoding=\"async\" alt=\"\u00c0 propos du suicide des adolescents\" src=\"http:\/\/www.universcience.tv\/ressources\/media\/photo-3821-a-propos-du-suicide-des-adolescents.html\" \/><\/a><a title=\"\u00c0 propos du suicide des adolescents\" href=\"http:\/\/www.universcience.tv\/video-a-propos-du-suicide-des-adolescents-3821.html\"><\/p>\n<h2>\u00c0 propos du suicide des adolescents<\/h2>\n<p><\/a><\/p>\n<p>Que faire face \u00e0 un jeune qui a des id\u00e9es de <a href=\"http:\/\/www.universcience.tvnom-suicide.html\">suicide<\/a> ou qui a tent\u00e9 de se suicider ? Les r\u00e9ponses du Dr Xavier Pommereau, responsable du centre Jean Abadie, p\u00f4le <a href=\"http:\/\/www.universcience.tvnom-adolescents.html\">adolescents<\/a> Aquitaine, CHU de Bordeaux interview\u00e9 en 2007.<\/p>\n<p><\/noframes><\/iframe><\/p>\n<p>vid\u00e9o sur<a href=\"http:\/\/www.universcience.tv\/video-a-propos-du-suicide-des-adolescents-3821.html\"> http:\/\/www.universcience.tv<\/a><\/p>\n","protected":false},"excerpt":{"rendered":"<p>Que faire face \u00e0 un jeune qui a des id\u00e9es de suicide ou qui a tent\u00e9 de se suicider ? Les r\u00e9ponses du Dr Xavier Pommereau, responsable du centre Jean Abadie, p\u00f4le adolescents Aquitaine, CHU de Bordeaux interview\u00e9 en 2007. \u00c0 propos du suicide des adolescents Que faire face \u00e0 [&hellip;]<\/p>\n","protected":false},"author":1,"featured_media":0,"comment_status":"open","ping_status":"open","sticky":false,"template":"","format":"standard","meta":[],"categories":[17],"tags":[],"_links":{"self":[{"href":"http:\/\/humanitas.asso.free.fr\/index.php?rest_route=\/wp\/v2\/posts\/1105"}],"collection":[{"href":"http:\/\/humanitas.asso.free.fr\/index.php?rest_route=\/wp\/v2\/posts"}],"about":[{"href":"http:\/\/humanitas.asso.free.fr\/index.php?rest_route=\/wp\/v2\/types\/post"}],"author":[{"embeddable":true,"href":"http:\/\/humanitas.asso.free.fr\/index.php?rest_route=\/wp\/v2\/users\/1"}],"replies":[{"embeddable":true,"href":"http:\/\/humanitas.asso.free.fr\/index.php?rest_route=%2Fwp%2Fv2%2Fcomments&post=1105"}],"version-history":[{"count":0,"href":"http:\/\/humanitas.asso.free.fr\/index.php?rest_route=\/wp\/v2\/posts\/1105\/revisions"}],"wp:attachment":[{"href":"http:\/\/humanitas.asso.free.fr\/index.php?rest_route=%2Fwp%2Fv2%2Fmedia&parent=1105"}],"wp:term":[{"taxonomy":"category","embeddable":true,"href":"http:\/\/humanitas.asso.free.fr\/index.php?rest_route=%2Fwp%2Fv2%2Fcategories&post=1105"},{"taxonomy":"post_tag","embeddable":true,"href":"http:\/\/humanitas.asso.free.fr\/index.php?rest_route=%2Fwp%2Fv2%2Ftags&post=1105"}],"curies":[{"name":"wp","href":"https:\/\/api.w.org\/{rel}","templated":true}]}}