{"id":1108,"date":"2013-09-18T10:25:08","date_gmt":"2013-09-18T09:25:08","guid":{"rendered":"http:\/\/prevention.suicide.free.fr\/?p=1108"},"modified":"2013-09-18T10:25:08","modified_gmt":"2013-09-18T09:25:08","slug":"barometre-sante-jeune-2010-inpes-tentatives-de-suicide-et-pensees-suicidaires-parmi-les-15-30-ans","status":"publish","type":"post","link":"http:\/\/humanitas.asso.free.fr\/?p=1108","title":{"rendered":"Barometre sant\u00e9 jeune (2010- Inpes) Tentatives de suicide et pens\u00e9es suicidaires parmi les 15-30 ans"},"content":{"rendered":"<p>Beck F., Richard J-B. dir. Les comportements de sant\u00e9 des jeunes. Analyses du Barom\u00e8tre sant\u00e9 2010. Saint-Denis : INPES, coll. Barom\u00e8tres sant\u00e9, 2013 : 344 p.<\/p>\n<blockquote><p><img decoding=\"async\" loading=\"lazy\" class=\"alignright\" alt=\"\" src=\"http:\/\/www.inpes.sante.fr\/include\/left\/img\/BSJ2010.jpg\" width=\"136\" height=\"200\" \/>Selon les donn\u00e9es du Barom\u00e8tre sant\u00e9 2010, 0,9 % des 15-30 ans (0,5 % des hommes et 1,3 % des femmes) ont fait une tentative de suicide au cours des douze derniers mois. Ces donn\u00e9es positionnent ainsi cette tranche d\u2019\u00e2ge comme la plus concern\u00e9e, en particulier pour les femmes. Cette proportion appara\u00eet relativement stable depuis 2000. \u00c0 l\u2019\u00e9chelle de la vie enti\u00e8re, 5,0 % des 15-30 ans (2,7 % des hommes et 7,3 % des femmes) d\u00e9clarent avoir d\u00e9j\u00e0 fait une tentative de suicide.<\/p>\n<p>Les facteurs associ\u00e9s aux tentatives de suicide au cours des douze derniers mois sont, pour les jeunes hommes, le fait d\u2019avoir subi des violences sexuelles au cours de la vie ou d\u2019autres types de violences au cours des douze derniers mois. Parmi les jeunes femmes, les violences subies sont \u00e9galement li\u00e9es aux tentatives de suicide, auxquelles s\u2019ajoutent des facteurs sociod\u00e9mographiques, tels qu\u2019un jeune \u00e2ge (15-19 ans) ou un bas niveau de revenu, qui semblent avoir relativement plus de poids chez les femmes que chez les hommes.<\/p>\n<p>Concernant les pens\u00e9es suicidaires, 3,4 % des 15-30 ans d\u00e9clarent avoir pens\u00e9 \u00e0 se suicider au cours des douze derniers mois. \u00c0 la diff\u00e9rence des tentatives de suicide, c\u2019est entre 46 et 60 ans que l\u2019on observe la plus forte pr\u00e9valence de pens\u00e9es suicidaires au cours des douze derniers mois (4,4 % chez les hommes et 5,6 % chez les femmes). Les jeunes femmes sont en proportion plus nombreuses (4,0 %) que les jeunes hommes (2,8 %) \u00e0 d\u00e9clarer avoir eu des pens\u00e9es suicidaires au cours de l\u2019ann\u00e9e. Les diff\u00e9rences entre hommes et femmes ne sont observ\u00e9es que dans les tranches d\u2019\u00e2ge les plus jeunes ou les plus \u00e9lev\u00e9es (4,0 % des femmes de 61-75 ans contre 1,9 % des hommes de la m\u00eame tranche d\u2019\u00e2ge).<\/p>\n<p>Si les facteurs associ\u00e9s aux pens\u00e9es suicidaires sont relativement similaires \u00e0 ceux observ\u00e9s sur les tentatives de suicide (en particulier le fait d\u2019avoir subi des violences), il existe n\u00e9anmoins quelques sp\u00e9cificit\u00e9s. Le fait de vivre seul (OR = 1,4), ainsi que, chez les femmes, un bas niveau de revenu et la consommation quotidienne de tabac (OR = 1,7) sont associ\u00e9s positivement aux pens\u00e9es suicidaires, y compris apr\u00e8s contr\u00f4le des effets de structure.<\/p><\/blockquote>\n<p>&nbsp;<\/p>\n<blockquote><p>La consommation d\u2019alcool \u00e0 risque et, pour les hommes seulement, le ch\u00f4mage, s\u2019av\u00e8rent \u00e9galement associ\u00e9s \u00e0 la survenue de pens\u00e9es suicidaires, mais ces liens ne restent pas significatifs apr\u00e8s contr\u00f4le des effets de structure. Par ailleurs, au sein de la classe des 15-30 ans, la survenue des pens\u00e9es suicidaires, contrairement aux tentatives de suicide, ne semble pas diff\u00e9rente en fonction de l\u2019\u00e2ge.<\/p>\n<p>Parmi les jeunes ayant pens\u00e9 \u00e0 se suicider, 68 % d\u00e9clarent qu\u2019ils ont \u00e9t\u00e9 jusqu\u2019\u00e0 imaginer comment s\u2019y prendre, cette proportion n\u2019\u00e9tant pas significativement diff\u00e9rente selon le sexe, l\u2019\u00e2ge ou la situation professionnelle. Quant \u00e0 ceux ayant d\u00e9clar\u00e9 une tentative de suicide, 23 % ont rapport\u00e9 qu\u2019ils \u00e9taient \u00ab vraiment d\u00e9cid\u00e9s \u00e0 mourir \u00bb (contre 34 % parmi les 31-75 ans), 17 % qu\u2019ils \u00ab souhaitaient mourir, [tout en sachant] que le moyen n\u2019\u00e9tait pas le plus efficace \u00bb et 60 % que leur tentative de suicide \u00e9tait plut\u00f4t \u00ab un appel \u00e0 l\u2019aide \u00bb.<\/p>\n<p>Concernant la prise en charge, pr\u00e8s d\u2019un jeune suicidant sur deux (46 %) est all\u00e9 \u00e0 l\u2019h\u00f4pital suite \u00e0 sa derni\u00e8re tentative de suicide. Parmi ces derniers, huit sur dix ont \u00e9t\u00e9 hospitalis\u00e9s. Globalement, 49 % des jeunes suicidants d\u00e9clarent avoir \u00e9t\u00e9 suivis par un m\u00e9decin ou un psychoth\u00e9rapeute apr\u00e8s leur derni\u00e8re tentative de suicide. Toutefois, 38 % n\u2019ont eu recours \u00e0 aucune structure ou professionnel de sant\u00e9. Ces chiffres montrent la n\u00e9cessit\u00e9 de la sensibilisation de la population \u00e0 ce probl\u00e8me et l\u2019int\u00e9r\u00eat du d\u00e9pistage du risque suicidaire lors des consultations m\u00e9dicales. En effet, pour l\u2019OMS, les m\u00e9decins g\u00e9n\u00e9ralistes repr\u00e9sentent un \u00e9l\u00e9ment cl\u00e9 dans le d\u00e9pistage et la prise en charge des personnes \u00e0 risque suicidaire. Une tentative de suicide chez un adolescent ne doit jamais \u00eatre banalis\u00e9e, elle doit conduire \u00e0 une triple \u00e9valuation somatique, psychologique et sociale, et tout jeune ayant fait une tentative de suicide devrait \u00eatre conduit aux urgences de l\u2019h\u00f4pital.<\/p><\/blockquote>\n<p>retrouvez les conclusions du barom\u00e9tre sant\u00e9 jeunes 2010 sur le <a href=\"http:\/\/www.inpes.sante.fr\/Barometres\/barometre-sante-2010\/comportement-sante-jeunes\/index.asp\" target=\"_blank\" rel=\"noopener\">site de l&rsquo;INPES<\/a><\/p>\n<p><a href=\"http:\/\/www.inpes.sante.fr\/Barometres\/barometre-sante-2010\/comportement-sante-jeunes\/pdf\/Tentatives-suicide-pensees-suicidaires-15-30-ans.pdf\" target=\"_blank\" rel=\"noopener\">http:\/\/www.inpes.sante.fr\/Tentatives-suicide-pensees-suicidaires-15-30-ans.pdf<\/a><\/p>\n","protected":false},"excerpt":{"rendered":"<p>Beck F., Richard J-B. dir. Les comportements de sant\u00e9 des jeunes. Analyses du Barom\u00e8tre sant\u00e9 2010. Saint-Denis : INPES, coll. Barom\u00e8tres sant\u00e9, 2013 : 344 p. Selon les donn\u00e9es du Barom\u00e8tre sant\u00e9 2010, 0,9 % des 15-30 ans (0,5 % des hommes et 1,3 % des femmes) ont fait une [&hellip;]<\/p>\n","protected":false},"author":1,"featured_media":0,"comment_status":"open","ping_status":"open","sticky":false,"template":"","format":"standard","meta":[],"categories":[17],"tags":[],"_links":{"self":[{"href":"http:\/\/humanitas.asso.free.fr\/index.php?rest_route=\/wp\/v2\/posts\/1108"}],"collection":[{"href":"http:\/\/humanitas.asso.free.fr\/index.php?rest_route=\/wp\/v2\/posts"}],"about":[{"href":"http:\/\/humanitas.asso.free.fr\/index.php?rest_route=\/wp\/v2\/types\/post"}],"author":[{"embeddable":true,"href":"http:\/\/humanitas.asso.free.fr\/index.php?rest_route=\/wp\/v2\/users\/1"}],"replies":[{"embeddable":true,"href":"http:\/\/humanitas.asso.free.fr\/index.php?rest_route=%2Fwp%2Fv2%2Fcomments&post=1108"}],"version-history":[{"count":0,"href":"http:\/\/humanitas.asso.free.fr\/index.php?rest_route=\/wp\/v2\/posts\/1108\/revisions"}],"wp:attachment":[{"href":"http:\/\/humanitas.asso.free.fr\/index.php?rest_route=%2Fwp%2Fv2%2Fmedia&parent=1108"}],"wp:term":[{"taxonomy":"category","embeddable":true,"href":"http:\/\/humanitas.asso.free.fr\/index.php?rest_route=%2Fwp%2Fv2%2Fcategories&post=1108"},{"taxonomy":"post_tag","embeddable":true,"href":"http:\/\/humanitas.asso.free.fr\/index.php?rest_route=%2Fwp%2Fv2%2Ftags&post=1108"}],"curies":[{"name":"wp","href":"https:\/\/api.w.org\/{rel}","templated":true}]}}