{"id":1305,"date":"2018-11-25T12:32:47","date_gmt":"2018-11-25T11:32:47","guid":{"rendered":"http:\/\/humanitas.asso.free.fr\/?p=1305"},"modified":"2026-06-20T08:21:00","modified_gmt":"2026-06-20T06:21:00","slug":"charles-balhouane-nadege-gajic-sandrine-simhon-walter-badet-2018-syndrome-post-traumatique-et-mediation-equine","status":"publish","type":"post","link":"http:\/\/humanitas.asso.free.fr\/?p=1305","title":{"rendered":"Charles Balhouane, Nad\u00e8ge Gajic, Sandrine Simhon, Walter Badet (2018) Syndrome Post Traumatique et m\u00e9diation \u00e9quine"},"content":{"rendered":"<h3>Syndrome Post Traumatique et m\u00e9diation \u00e9quine<\/h3>\n<p>\u00ab Un fou rempli d\u2019erreurs, que le trouble accompagne, et malade \u00e0 la ville ainsi qu\u2019\u00e0 la campagne, en vain monte \u00e0 cheval pour tromper son ennui : le chagrin monte en croupe et galope avec lui. \u00bb Nicolas Boileau.<\/p>\n<p>Auteur(e)s :<\/p>\n<p>Charles Balhouane, Psychologue clinicien<br \/>\nNad\u00e8ge Gajic, Directrice des Ressources Humaines<br \/>\nSandrine Simhon, M\u00e9decin urgentiste<br \/>\nWalter Badet, Sp\u00e9cialiste \u00e9quin<br \/>\nGroupe EIQUS de l\u2019Association HUMANITAS<\/p>\n<blockquote><p>&nbsp;<\/p>\n<p><strong>Pr\u00e9sentation et argumentation<\/strong><\/p>\n<p><img decoding=\"async\" loading=\"lazy\" class=\"size-full wp-image-1307 alignright\" src=\"http:\/\/humanitas.asso.free.fr\/wp-content\/uploads\/2018\/11\/peau_a_peau.jpg\" alt=\"\" width=\"298\" height=\"345\">Ce texte fait suite \u00e0 la conception moderne et \u00e9volu\u00e9e de la m\u00e9diation \u00e9quine, dans ses perspectives de d\u00e9veloppement et dans un soucis d\u2019identifier les bonnes pratiques en lien avec le diagnostic et l\u2019accompagnement de personnes impact\u00e9es par le Syndrome Post Traumatique (SPT).<\/p>\n<p>La sp\u00e9cificit\u00e9 de ce syndrome n\u00e9cessite d\u2019\u00eatre circonscrit de mani\u00e8re comparative aux troubles anxieux.<\/p>\n<p>Les sp\u00e9cialistes d\u00e9finissent l\u2019activit\u00e9 de m\u00e9diation \u00e9quine comme \u00ab l\u2019utilisation du cheval comme auxiliaire agissant comme un r\u00e9v\u00e9lateur des forces et faiblesses de chacun, ainsi que du type de relation aux autres \u00bb (Jez C, Coudurier B, Cressent M, M\u00e9a F et Perrier-Cornet P,<br \/>\n2012).<\/p>\n<p>Cette d\u00e9marche affirme plus largement l\u2019int\u00e9r\u00eat d\u2019\u00e9valuer et d\u2019analyser les observations empiriques et les exp\u00e9riences de terrain, dans la perspective d\u2019une optimisation des pratiques de cette m\u00e9diation originale.<\/p>\n<p>Animal gr\u00e9gaire par n\u00e9cessit\u00e9 de survie, le cheval est extr\u00eamement sensible \u00e0 son milieu et aux modes de relation qui peuvent \u00eatre spontan\u00e9ment mobilis\u00e9s par l\u2019homme. Son approche, n\u00e9cessite des ajustements, des strat\u00e9gies d\u2019adaptation pour une relation recherch\u00e9e. En ce sens, la mise en contact ou en situation avec un cheval, peut permettre d\u2019\u00e9valuer chez l\u2019homme, le niveau de d\u00e9ficit ou de perte des habilet\u00e9s cognitives, physiques, comportementales et sociales. Ce constat permet de penser \u00e0 mise en pr\u00e9sence plus \u00e9labor\u00e9e dans la mise en place d\u2019exercices sp\u00e9cifiques destin\u00e9e \u00e0 une re-m\u00e9diation vers une r\u00e9habilitation psychosociale.<\/p>\n<p>Le v\u00e9cu d\u2019un \u00e9v\u00e9nement dont l\u2019intensit\u00e9 dramatique peut \u00eatre \u00e0 l\u2019origine du mal-\u00eatre ressenti de mani\u00e8re r\u00e9p\u00e9titive et venir impacter cette m\u00e9diation relationnelle. La condition et la nature de cette rencontre ne peut \u00eatre neutre et devra par cons\u00e9quent, \u00eatre aussi appr\u00e9hend\u00e9e dans le<br \/>\nsoucis du bien-\u00eatre animal.<\/p><\/blockquote>\n<p><a href=\"http:\/\/humanitas.asso.free.fr\/wp-content\/uploads\/2018\/11\/SPT-et-m\u00e9diation-\u00e9quine-Humanitas-Eiqus-17-05-2018.pdf\">SPT et m\u00e9diation \u00e9quine Humanitas Eiqus 17 05 2018<\/a><\/p>\n","protected":false},"excerpt":{"rendered":"<p>Syndrome Post Traumatique et m\u00e9diation \u00e9quine \u00ab Un fou rempli d\u2019erreurs, que le trouble accompagne, et malade \u00e0 la ville ainsi qu\u2019\u00e0 la campagne, en vain monte \u00e0 cheval pour tromper son ennui : le chagrin monte en croupe et galope avec lui. \u00bb Nicolas Boileau. Auteur(e)s : Charles Balhouane, [&hellip;]<\/p>\n","protected":false},"author":1,"featured_media":1307,"comment_status":"open","ping_status":"open","sticky":false,"template":"","format":"standard","meta":[],"categories":[8,1],"tags":[],"_links":{"self":[{"href":"http:\/\/humanitas.asso.free.fr\/index.php?rest_route=\/wp\/v2\/posts\/1305"}],"collection":[{"href":"http:\/\/humanitas.asso.free.fr\/index.php?rest_route=\/wp\/v2\/posts"}],"about":[{"href":"http:\/\/humanitas.asso.free.fr\/index.php?rest_route=\/wp\/v2\/types\/post"}],"author":[{"embeddable":true,"href":"http:\/\/humanitas.asso.free.fr\/index.php?rest_route=\/wp\/v2\/users\/1"}],"replies":[{"embeddable":true,"href":"http:\/\/humanitas.asso.free.fr\/index.php?rest_route=%2Fwp%2Fv2%2Fcomments&post=1305"}],"version-history":[{"count":2,"href":"http:\/\/humanitas.asso.free.fr\/index.php?rest_route=\/wp\/v2\/posts\/1305\/revisions"}],"predecessor-version":[{"id":6627,"href":"http:\/\/humanitas.asso.free.fr\/index.php?rest_route=\/wp\/v2\/posts\/1305\/revisions\/6627"}],"wp:featuredmedia":[{"embeddable":true,"href":"http:\/\/humanitas.asso.free.fr\/index.php?rest_route=\/"}],"wp:attachment":[{"href":"http:\/\/humanitas.asso.free.fr\/index.php?rest_route=%2Fwp%2Fv2%2Fmedia&parent=1305"}],"wp:term":[{"taxonomy":"category","embeddable":true,"href":"http:\/\/humanitas.asso.free.fr\/index.php?rest_route=%2Fwp%2Fv2%2Fcategories&post=1305"},{"taxonomy":"post_tag","embeddable":true,"href":"http:\/\/humanitas.asso.free.fr\/index.php?rest_route=%2Fwp%2Fv2%2Ftags&post=1305"}],"curies":[{"name":"wp","href":"https:\/\/api.w.org\/{rel}","templated":true}]}}