{"id":1541,"date":"2023-07-06T09:54:20","date_gmt":"2023-07-06T08:54:20","guid":{"rendered":"http:\/\/humanitas.asso.free.fr\/?p=1541"},"modified":"2023-07-06T09:54:20","modified_gmt":"2023-07-06T08:54:20","slug":"oms-et-prevention-du-suicide","status":"publish","type":"post","link":"http:\/\/humanitas.asso.free.fr\/?p=1541","title":{"rendered":"OMS et prevention du suicide"},"content":{"rendered":"<h2><a href=\"http:\/\/humanitas.asso.free.fr\/wp-content\/uploads\/OMSprevsuicide.png\"><img decoding=\"async\" loading=\"lazy\" class=\"alignright wp-image-1542 size-medium\" src=\"http:\/\/humanitas.asso.free.fr\/wp-content\/uploads\/OMSprevsuicide-218x300.png\" alt=\"\" width=\"218\" height=\"300\" \/><\/a>Principaux faits<\/h2>\n<ul>\n<li><strong>Plus de 700 000 personnes se suicident chaque ann\u00e9e.<\/strong><\/li>\n<li><strong>Pour chaque suicide, on d\u00e9nombre de nombreuses autres tentatives de suicide. Une tentative de suicide est le principal facteur de risque de suicide ult\u00e9rieur dans la population g\u00e9n\u00e9rale.<\/strong><\/li>\n<li><strong>Le suicide est la quatri\u00e8me cause de mortalit\u00e9 chez les 15-29 ans.<\/strong><\/li>\n<li><strong>77\u00a0% des suicides surviennent dans des pays \u00e0 revenu faible ou interm\u00e9diaire.<\/strong><\/li>\n<li><strong>L\u2019ingestion de pesticides, la pendaison et les armes \u00e0 feu sont parmi les m\u00e9thodes de suicide les plus r\u00e9pandues dans le monde.<\/strong><\/li>\n<\/ul>\n<p>Chaque ann\u00e9e, pr\u00e8s de 703\u00a0000 personnes se suicident et beaucoup d\u2019autres font une tentative de suicide. Chaque suicide est une trag\u00e9die qui touche les familles, les communaut\u00e9s et des pays entiers et qui a des effets durables sur ceux qui restent. Le suicide intervient \u00e0 n\u2019importe quel moment de la vie et \u00e9tait la quatri\u00e8me cause de mortalit\u00e9 chez les 15-29 ans dans le monde en 2019.<\/p>\n<p>Le suicide n\u2019est pas le seul fait des pays \u00e0 revenu \u00e9lev\u00e9, c\u2019est un ph\u00e9nom\u00e8ne mondial. En fait, plus de 77\u00a0% des suicides sont survenus dans des pays \u00e0 revenu faible ou interm\u00e9diaire en 2019.<\/p>\n<p>Le suicide est un grave probl\u00e8me de sant\u00e9 publique\u00a0; or il peut \u00eatre \u00e9vit\u00e9 moyennant des interventions men\u00e9es en temps opportun, fond\u00e9es sur des donn\u00e9es factuelles et souvent peu co\u00fbteuses. Pour que l\u2019action nationale soit efficace, une strat\u00e9gie globale multisectorielle de pr\u00e9vention du suicide s\u2019impose.<\/p>\n<p><a href=\"http:\/\/humanitas.asso.free.fr\/wp-content\/uploads\/oms1.png\"><img decoding=\"async\" loading=\"lazy\" class=\"aligncenter size-full wp-image-1581\" src=\"http:\/\/humanitas.asso.free.fr\/wp-content\/uploads\/oms1.png\" alt=\"\" width=\"1003\" height=\"532\" \/><\/a><\/p>\n<p><a href=\"http:\/\/humanitas.asso.free.fr\/wp-content\/uploads\/oms2.png\"><img decoding=\"async\" loading=\"lazy\" class=\"aligncenter size-full wp-image-1583\" src=\"http:\/\/humanitas.asso.free.fr\/wp-content\/uploads\/oms2.png\" alt=\"\" width=\"927\" height=\"456\" \/><\/a><\/p>\n<p>L\u2019OMS consid\u00e8re le suicide comme une priorit\u00e9 de sant\u00e9 publique. Le premier rapport mondial de l\u2019OMS sur le suicide intitul\u00e9\u00a0Pr\u00e9vention du suicide\u00a0: l\u2019\u00e9tat d\u2019urgence mondial, publi\u00e9 en 2014, vise \u00e0 sensibiliser davantage \u00e0 l\u2019importance en sant\u00e9 publique du suicide et des tentatives de suicide, et \u00e0 donner \u00e0 la pr\u00e9vention du suicide un rang \u00e9lev\u00e9 parmi les priorit\u00e9s de l\u2019action mondiale en sant\u00e9 publique. Il vise \u00e9galement \u00e0 encourager et aider les pays \u00e0 \u00e9laborer ou renforcer des strat\u00e9gies compl\u00e8tes de pr\u00e9vention du suicide dans le cadre d\u2019une approche multisectorielle de sant\u00e9 publique.<\/p>\n<p><a href=\"http:\/\/humanitas.asso.free.fr\/wp-content\/uploads\/OMS-Suicide-urgence-mondiale_fre.pdf\">OMS-Suicide-urgence-mondiale_fre.pdf<\/a><\/p>\n<p>&nbsp;<\/p>\n<p><a href=\"http:\/\/humanitas.asso.free.fr\/wp-content\/uploads\/OMS-plandaction.png\"><img decoding=\"async\" loading=\"lazy\" class=\"alignright wp-image-1543 size-medium\" src=\"http:\/\/humanitas.asso.free.fr\/wp-content\/uploads\/OMS-plandaction-249x300.png\" alt=\"\" width=\"249\" height=\"300\" \/><\/a>Le suicide est l\u2019un des probl\u00e8mes de sant\u00e9 prioritaires du Programme d\u2019action de l\u2019OMS Combler les lacunes en sant\u00e9 mentale (mhGAP), lanc\u00e9 en 2008, qui fournit des orientations techniques fond\u00e9es sur des donn\u00e9es factuelles en vue de d\u00e9velopper la prestation de services et les soins pour les troubles mentaux, neurologiques et li\u00e9s aux substances psychoactives dans les pays. Dans le\u00a0Plan d\u2019action de l\u2019OMS pour la sant\u00e9 mentale 2013-2020, les \u00c9tats Membres de l\u2019OMS se sont engag\u00e9s \u00e0 s\u2019efforcer d\u2019atteindre la cible mondiale d\u2019une r\u00e9duction d\u2019un tiers du taux de suicide dans les pays d\u2019ici \u00e0 2030.<\/p>\n<p>De plus, le taux de mortalit\u00e9 par suicide est un indicateur de la cible 3.4 des objectifs de d\u00e9veloppement durable\u00a0: d\u2019ici \u00e0 2030, r\u00e9duire d\u2019un tiers, par la pr\u00e9vention et le traitement, le taux de mortalit\u00e9 pr\u00e9matur\u00e9e due \u00e0 des maladies non transmissibles et promouvoir la sant\u00e9 mentale et le bien-\u00eatre.<\/p>\n<p><a href=\"http:\/\/humanitas.asso.free.fr\/wp-content\/uploads\/OMS-suicide_pan-daction-fre.pdf\">OMS-suicide_plan-daction-fre.pdf<\/a><\/p>\n<p>&nbsp;<\/p>\n<p>&nbsp;<\/p>\n","protected":false},"excerpt":{"rendered":"<p>Principaux faits Plus de 700 000 personnes se suicident chaque ann\u00e9e. Pour chaque suicide, on d\u00e9nombre de nombreuses autres tentatives de suicide. Une tentative de suicide est le principal facteur de risque de suicide ult\u00e9rieur dans la population g\u00e9n\u00e9rale. Le suicide est la quatri\u00e8me cause de mortalit\u00e9 chez les 15-29 [&hellip;]<\/p>\n","protected":false},"author":2,"featured_media":0,"comment_status":"open","ping_status":"closed","sticky":false,"template":"","format":"standard","meta":[],"categories":[6],"tags":[],"_links":{"self":[{"href":"http:\/\/humanitas.asso.free.fr\/index.php?rest_route=\/wp\/v2\/posts\/1541"}],"collection":[{"href":"http:\/\/humanitas.asso.free.fr\/index.php?rest_route=\/wp\/v2\/posts"}],"about":[{"href":"http:\/\/humanitas.asso.free.fr\/index.php?rest_route=\/wp\/v2\/types\/post"}],"author":[{"embeddable":true,"href":"http:\/\/humanitas.asso.free.fr\/index.php?rest_route=\/wp\/v2\/users\/2"}],"replies":[{"embeddable":true,"href":"http:\/\/humanitas.asso.free.fr\/index.php?rest_route=%2Fwp%2Fv2%2Fcomments&post=1541"}],"version-history":[{"count":0,"href":"http:\/\/humanitas.asso.free.fr\/index.php?rest_route=\/wp\/v2\/posts\/1541\/revisions"}],"wp:attachment":[{"href":"http:\/\/humanitas.asso.free.fr\/index.php?rest_route=%2Fwp%2Fv2%2Fmedia&parent=1541"}],"wp:term":[{"taxonomy":"category","embeddable":true,"href":"http:\/\/humanitas.asso.free.fr\/index.php?rest_route=%2Fwp%2Fv2%2Fcategories&post=1541"},{"taxonomy":"post_tag","embeddable":true,"href":"http:\/\/humanitas.asso.free.fr\/index.php?rest_route=%2Fwp%2Fv2%2Ftags&post=1541"}],"curies":[{"name":"wp","href":"https:\/\/api.w.org\/{rel}","templated":true}]}}