{"id":1603,"date":"2023-07-25T08:13:30","date_gmt":"2023-07-25T07:13:30","guid":{"rendered":"http:\/\/humanitas.asso.free.fr\/?p=1603"},"modified":"2023-07-25T08:13:30","modified_gmt":"2023-07-25T07:13:30","slug":"1603","status":"publish","type":"post","link":"http:\/\/humanitas.asso.free.fr\/?p=1603","title":{"rendered":"\u00ab\u00a0id\u00e9es re\u00e7ues\u00a0\u00bb sur le suicide d\u00e9clin\u00e9es par l&rsquo;AQPS, l&rsquo;Association qu\u00e9becoise de Pr\u00e9vention du suicide."},"content":{"rendered":"<h3><img decoding=\"async\" loading=\"lazy\" class=\"size-medium wp-image-1604 alignright\" src=\"http:\/\/humanitas.asso.free.fr\/wp-content\/uploads\/AQPSlogo_principal-300x107.png\" alt=\"\" width=\"300\" height=\"107\" \/>D\u00e9couvrez les \u00ab\u00a0id\u00e9es re\u00e7ues\u00a0\u00bb sur le suicide d\u00e9clin\u00e9es par l&rsquo;AQPS, l&rsquo;Association qu\u00e9becoise de Pr\u00e9vention du suicide.<\/h3>\n<p>Vous trouverez sur leur site toutes leurs \u00ab\u00a0id\u00e9es re\u00e7ues\u00a0\u00bb ainsi que la correction des r\u00e9ponses, tr\u00e8s utiles en formation.\u00a0 Certaines id\u00e9es ou formulations sont diff\u00e9rentes des id\u00e9es re\u00e7ues utilis\u00e9es en France, et peuvent venir tout \u00e0 fait renouveler ou compl\u00e9ter celles que nous utilisons&#8230;<\/p>\n<ul>\n<li><strong>\u00ab\u202fLa personne qui pense au suicide est formellement d\u00e9cid\u00e9e \u00e0 mourir.\u202f\u00bb<\/strong><\/li>\n<li><strong>\u00ab<\/strong> <strong>Pour que l\u2019aide fonctionne, la personne qui pense au suicide devrait faire les d\u00e9marches elle-m\u00eame.\u00a0\u00bb<\/strong><\/li>\n<li><strong>\u00ab<\/strong> <strong>Se suicider est un signe de faiblesse ou de l\u00e2chet\u00e9.\u00a0\u00bb<\/strong><\/li>\n<li><strong>\u00ab Poser la question ou parler du suicide peut encourager le passage \u00e0 l\u2019acte.\u00a0\u00bb<\/strong><\/li>\n<li><strong>\u00ab<\/strong> <strong>Le suicide se produit sans avertissement.\u00a0\u00bb<\/strong><\/li>\n<li><strong>\u00ab<\/strong> <strong>Toute personne qui pense au suicide para\u00eet d\u00e9prim\u00e9e.\u00a0\u00bb<\/strong><\/li>\n<li><strong>\u00ab Toute personne qui pense au suicide est en crise. \u00bb<\/strong><\/li>\n<li><strong>\u00ab<\/strong> <strong>Les personnes qui \u00ab\u00a0menacent\u00a0\u00bb de se suicider veulent attirer l\u2019attention ou manipuler les gens.\u00a0\u00bb<\/strong><\/li>\n<li><strong>\u00ab<\/strong> <strong>On peut aider une personne en d\u00e9tresse sans \u00eatre un professionnel en pr\u00e9vention du suicide.\u00a0\u00bb<\/strong><\/li>\n<\/ul>\n<p>A retrouver ici: <a href=\"https:\/\/aqps.info\/mythes-realites-sur-le-suicide\/\">https:\/\/aqps.info\/mythes-realites-sur-le-suicide\/<\/a><\/p>\n<p>Vous y retrouverez \u00e9galement les diff\u00e9rents programmes de formations en pr\u00e9vention suicide:<\/p>\n<p>Sur la postvention: <a href=\"https:\/\/aqps.info\/wp-content\/uploads\/2022\/12\/Postvention_Programme_CoupDoeil_Mai2020_AQPS.pdf\">Postvention_Programme_CoupDoeil_Mai2020_AQPS.pdf<\/a><\/p>\n<p>Sentinelles : <a href=\"https:\/\/aqps.info\/grand-public-sentinelles\/\">https:\/\/aqps.info\/grand-public-sentinelles\/<\/a><\/p>\n<p>&nbsp;<\/p>\n","protected":false},"excerpt":{"rendered":"<p>D\u00e9couvrez les \u00ab\u00a0id\u00e9es re\u00e7ues\u00a0\u00bb sur le suicide d\u00e9clin\u00e9es par l&rsquo;AQPS, l&rsquo;Association qu\u00e9becoise de Pr\u00e9vention du suicide. Vous trouverez sur leur site toutes leurs \u00ab\u00a0id\u00e9es re\u00e7ues\u00a0\u00bb ainsi que la correction des r\u00e9ponses, tr\u00e8s utiles en formation.\u00a0 Certaines id\u00e9es ou formulations sont diff\u00e9rentes des id\u00e9es re\u00e7ues utilis\u00e9es en France, et peuvent venir [&hellip;]<\/p>\n","protected":false},"author":2,"featured_media":0,"comment_status":"open","ping_status":"closed","sticky":false,"template":"","format":"standard","meta":[],"categories":[4,6],"tags":[],"_links":{"self":[{"href":"http:\/\/humanitas.asso.free.fr\/index.php?rest_route=\/wp\/v2\/posts\/1603"}],"collection":[{"href":"http:\/\/humanitas.asso.free.fr\/index.php?rest_route=\/wp\/v2\/posts"}],"about":[{"href":"http:\/\/humanitas.asso.free.fr\/index.php?rest_route=\/wp\/v2\/types\/post"}],"author":[{"embeddable":true,"href":"http:\/\/humanitas.asso.free.fr\/index.php?rest_route=\/wp\/v2\/users\/2"}],"replies":[{"embeddable":true,"href":"http:\/\/humanitas.asso.free.fr\/index.php?rest_route=%2Fwp%2Fv2%2Fcomments&post=1603"}],"version-history":[{"count":0,"href":"http:\/\/humanitas.asso.free.fr\/index.php?rest_route=\/wp\/v2\/posts\/1603\/revisions"}],"wp:attachment":[{"href":"http:\/\/humanitas.asso.free.fr\/index.php?rest_route=%2Fwp%2Fv2%2Fmedia&parent=1603"}],"wp:term":[{"taxonomy":"category","embeddable":true,"href":"http:\/\/humanitas.asso.free.fr\/index.php?rest_route=%2Fwp%2Fv2%2Fcategories&post=1603"},{"taxonomy":"post_tag","embeddable":true,"href":"http:\/\/humanitas.asso.free.fr\/index.php?rest_route=%2Fwp%2Fv2%2Ftags&post=1603"}],"curies":[{"name":"wp","href":"https:\/\/api.w.org\/{rel}","templated":true}]}}