{"id":1799,"date":"2016-03-28T07:52:22","date_gmt":"2016-03-28T06:52:22","guid":{"rendered":"http:\/\/humanitas.asso.free.fr\/?p=1278"},"modified":"2016-03-28T07:52:22","modified_gmt":"2016-03-28T06:52:22","slug":"observatoire-national-du-suicide","status":"publish","type":"post","link":"http:\/\/humanitas.asso.free.fr\/?p=1799","title":{"rendered":"Rapport 2014 de l&rsquo;Observatoire national du suicide"},"content":{"rendered":"<h2>Un Observatoire national du suicide cr\u00e9\u00e9 en 2013<\/h2>\n<blockquote>\n<p class=\"chapo\"><img decoding=\"async\" loading=\"lazy\" class=\"illustDroite alignright\" src=\"http:\/\/www.inpes.sante.fr\/30000\/images\/2013\/prevention-suicide.jpg\" alt=\"\" width=\"161\" height=\"200\" \/>En France, 200\u00a0000 tentatives de suicide donnent lieu \u00e0 un contact avec le syst\u00e8me de soins et pr\u00e8s de <a title=\"Aller vers le site 'sante.gouv.fr'\" href=\"http:\/\/www.sante.gouv.fr\/la-prevention-du-suicide-sommaire.html\" target=\"_blank\" rel=\"noopener\">10\u00a0500 personnes d\u00e9c\u00e8dent par suicide<\/a>\u00a0, <strong>soit pr\u00e8s de trois fois plus que par accidents de la circulation chaque ann\u00e9e<\/strong>. Ce ph\u00e9nom\u00e8ne, reconnu comme un probl\u00e8me de sant\u00e9 publique depuis la fin des ann\u00e9es 1990, a conduit \u00e0 la mise en place d\u2019une <a title=\"Aller vers le site sante.gouv.fr\" href=\"http:\/\/www.sante.gouv.fr\/la-politique-publique-de-prevention-du-suicide.html\" target=\"_blank\" rel=\"noopener\">politique sp\u00e9cifique de pr\u00e9vention du suicide<\/a>.<\/p>\n<p class=\"chapo\">Le Programme national d\u2019actions 2011-2014 a succ\u00e9d\u00e9 \u00e0 la Strat\u00e9gie nationale d\u2019actions face au suicide 2000-2005 et en 2013, un <a title=\"Aller vers le site drees.sante.gouv.fr\" href=\"http:\/\/www.drees.sante.gouv.fr\/l-observatoire-national-du-suicide-ons,11209.html\" target=\"_blank\" rel=\"noopener\">Observatoire national du suicide<\/a> (ONS) a \u00e9t\u00e9 mis en place (<a title=\"Aller vers le site drees.sante.gouv.fr\" href=\"http:\/\/www.drees.sante.gouv.fr\/IMG\/pdf\/ons-decret.pdf\" target=\"_blank\" rel=\"noopener\">d\u00e9cret n\u00b0\u00a02013-809 du 9 septembre 2013<\/a>). La Direction de la recherche, des \u00e9tudes, de l\u2019\u00e9valuation et des statistiques (Drees) en assure le secr\u00e9tariat et le directeur de la Drees la pr\u00e9sidence d\u00e9l\u00e9gu\u00e9e.<\/p>\n<p><img decoding=\"async\" loading=\"lazy\" class=\"illustDroite alignleft\" src=\"http:\/\/www.inpes.sante.fr\/img\/ons.png\" alt=\"\" width=\"180\" height=\"65\" \/>L\u2019Observatoire est charg\u00e9 de coordonner et d\u2019am\u00e9liorer les connaissances sur le suicide, les tentatives de suicide et les moyens d\u2019y faire face, ainsi que de produire des recommandations, notamment en mati\u00e8re de pr\u00e9vention.<\/p>\n<p>Il est compos\u00e9 d\u2019experts, de professionnels de sant\u00e9, de parlementaires, de repr\u00e9sentants d\u2019administrations centrales et de repr\u00e9sentants d\u2019associations de familles et d\u2019usagers.<\/p>\n<p>Voir le:<\/p>\n<ul>\n<li><a title=\"Compte-rendu de l\u2019assembl\u00e9e pl\u00e9ni\u00e8re du 10 septembre 2013\" href=\"http:\/\/www.drees.sante.gouv.fr\/IMG\/pdf\/ons-assemblee-pleniere-10sept213.pdf\" target=\"_blank\" rel=\"noopener\">compte-rendu de l\u2019assembl\u00e9e pl\u00e9ni\u00e8re du 10 septembre 2013 <\/a><\/li>\n<li><a title=\"Communiqu\u00e9 de presse du 9 septembre 2013\" href=\"http:\/\/www.drees.sante.gouv.fr\/IMG\/pdf\/ons-presse.pdf\" target=\"_blank\" rel=\"noopener\">communiqu\u00e9 de presse du 9 septembre 2013 <\/a>(pdf &#8211; 123\u00a0ko)<\/li>\n<\/ul>\n<\/blockquote>\n<h2>Le premier rapport annuel<\/h2>\n<p><img decoding=\"async\" loading=\"lazy\" class=\"size-full wp-image-1285 alignright\" src=\"http:\/\/humanitas.asso.free.fr\/wp-content\/uploads\/rapport-ons.jpg\" alt=\"rapport-ons\" width=\"161\" height=\"243\" \/>Le premier rapport de l&rsquo;Observatoire national du suicide a \u00e9t\u00e9\u00a0<a title=\"Aller vers le site sante.gouv.fr\" href=\"http:\/\/www.sante.gouv.fr\/marisol-touraine-recoit-le-premier-rapport-annuel-de-l-observatoire-national-du-suicide.html\" target=\"_blank\" rel=\"noopener\">remis le 2 d\u00e9cembre 2014 \u00e0 la ministre charg\u00e9e de la sant\u00e9<\/a>. Il constitue un premier \u00e9tat des lieux des connaissances sur le suicide et les tentatives de suicide en France et comporte des premi\u00e8res recommandations qui vont servir \u00e0 l\u2019\u00e9laboration d\u2019un nouveau programme national d\u2019actions contre le suicide.<\/p>\n<p>Le rapport met en \u00e9vidence des in\u00e9galit\u00e9s sociales tr\u00e8s marqu\u00e9es\u00a0: les agriculteurs exploitants sont deux \u00e0 trois fois plus touch\u00e9s par le suicide que les cadres\u00a0; le suicide touche davantage les ouvriers que les cadres. Les personnes sans activit\u00e9 salari\u00e9e sont les plus touch\u00e9es.<\/p>\n<p><a title=\"Consultez le rapport de l\u2019Observatoire national du suicide\u00a0-\u00a0(pdf, 2.8\u00a0Mo)\" href=\"http:\/\/www.sante.gouv.fr\/IMG\/pdf\/rapport_ONS_2014.pdf\">Le rapport 2014 de l\u2019Observatoire national du suicide<\/a> (pdf, 2.8\u00a0Mo), 221 pages.<\/p>\n<p>Si le lien est bris\u00e9: <a href=\"http:\/\/humanitas.asso.free.fr\/wp-content\/uploads\/rapport_ONS_2014.pdf\">rapport_ONS_2014<\/a><\/p>\n<h2>Sur le site du minist\u00e8re de la Sant\u00e9<\/h2>\n<ul>\n<li><a title=\"Aller vers le site 'sante.gouv.fr'\" href=\"http:\/\/www.sante.gouv.fr\/reconnaitre-la-crise-suicidaire.html\" target=\"_blank\" rel=\"noopener\">Reconna\u00eetre la crise suicidaire<\/a><\/li>\n<li><a title=\"Aller vers le site 'sante.gouv.fr'\" href=\"http:\/\/www.sante.gouv.fr\/prevention-du-suicide-que-faire-a-qui-s-adresser.html\" target=\"_blank\" rel=\"noopener\">Que faire face \u00e0 une crise suicidaire\u00a0?<\/a><\/li>\n<li><a title=\"Aller vers le site 'sante.gouv.fr'\" href=\"http:\/\/www.sante.gouv.fr\/etat-des-lieux-du-suicide-en-france.html\" target=\"_blank\" rel=\"noopener\">\u00c9tat des lieux du suicide en France<\/a><\/li>\n<li><a title=\"Aller vers le site 'sante.gouv.fr'\" href=\"http:\/\/www.sante.gouv.fr\/la-politique-publique-de-prevention-du-suicide.html\" target=\"_blank\" rel=\"noopener\">La politique publique de pr\u00e9vention du suicide<\/a><\/li>\n<\/ul>\n","protected":false},"excerpt":{"rendered":"<p>Un Observatoire national du suicide cr\u00e9\u00e9 en 2013 En France, 200\u00a0000 tentatives de suicide donnent lieu \u00e0 un contact avec le syst\u00e8me de soins et pr\u00e8s de 10\u00a0500 personnes d\u00e9c\u00e8dent par suicide\u00a0, soit pr\u00e8s de trois fois plus que par accidents de la circulation chaque ann\u00e9e. Ce ph\u00e9nom\u00e8ne, reconnu comme [&hellip;]<\/p>\n","protected":false},"author":2,"featured_media":0,"comment_status":"open","ping_status":"closed","sticky":false,"template":"","format":"standard","meta":[],"categories":[13,14],"tags":[],"_links":{"self":[{"href":"http:\/\/humanitas.asso.free.fr\/index.php?rest_route=\/wp\/v2\/posts\/1799"}],"collection":[{"href":"http:\/\/humanitas.asso.free.fr\/index.php?rest_route=\/wp\/v2\/posts"}],"about":[{"href":"http:\/\/humanitas.asso.free.fr\/index.php?rest_route=\/wp\/v2\/types\/post"}],"author":[{"embeddable":true,"href":"http:\/\/humanitas.asso.free.fr\/index.php?rest_route=\/wp\/v2\/users\/2"}],"replies":[{"embeddable":true,"href":"http:\/\/humanitas.asso.free.fr\/index.php?rest_route=%2Fwp%2Fv2%2Fcomments&post=1799"}],"version-history":[{"count":0,"href":"http:\/\/humanitas.asso.free.fr\/index.php?rest_route=\/wp\/v2\/posts\/1799\/revisions"}],"wp:attachment":[{"href":"http:\/\/humanitas.asso.free.fr\/index.php?rest_route=%2Fwp%2Fv2%2Fmedia&parent=1799"}],"wp:term":[{"taxonomy":"category","embeddable":true,"href":"http:\/\/humanitas.asso.free.fr\/index.php?rest_route=%2Fwp%2Fv2%2Fcategories&post=1799"},{"taxonomy":"post_tag","embeddable":true,"href":"http:\/\/humanitas.asso.free.fr\/index.php?rest_route=%2Fwp%2Fv2%2Ftags&post=1799"}],"curies":[{"name":"wp","href":"https:\/\/api.w.org\/{rel}","templated":true}]}}