{"id":1811,"date":"2023-10-20T09:24:04","date_gmt":"2023-10-20T08:24:04","guid":{"rendered":"http:\/\/humanitas.asso.free.fr\/?p=1698"},"modified":"2023-10-20T09:24:04","modified_gmt":"2023-10-20T08:24:04","slug":"pr-jean-louis-terra-2017-les-changements-induits-par-les-formations-qui-favorisent-la-perennisation-de-la-prevention-du-suicide","status":"publish","type":"post","link":"http:\/\/humanitas.asso.free.fr\/?p=1811","title":{"rendered":"Pr Jean-Louis Terra (2017) Les changements induits par les formations qui favorisent la p\u00e9rennisation de la pr\u00e9vention du suicide"},"content":{"rendered":"<h3><a href=\"http:\/\/humanitas.asso.free.fr\/wp-content\/uploads\/terra.jpg\"><img decoding=\"async\" loading=\"lazy\" src=\"http:\/\/humanitas.asso.free.fr\/wp-content\/uploads\/terra.jpg\" alt=\"\" width=\"200\" height=\"163\" class=\"size-full wp-image-1693 alignright\" \/><\/a>Pr Jean-Louis Terra (2017) Les changements induits par les formations qui favorisent la p\u00e9rennisation de la pr\u00e9vention du suicide<\/h3>\n<p>2\u00e8me congr\u00e8s de la FTSLU F\u00e9d\u00e9ration Trauma Suicide Liaison Urgence<br \/>\nEvaluer pour agir &#8211; Comment am\u00e9liorer et transmettre nos pratiques des urgences psychiatriques du 20 au 23 mars 2017 &#8211; Maison de la R\u00e9gion, Place Gabriel Hocquard, Metz<\/p>\n<p><iframe loading=\"lazy\" width=\"560\" height=\"315\" src=\"https:\/\/www.youtube.com\/embed\/FkUQVQoPya8?si=t0ioHiKyTubVJQgI\" title=\"YouTube video player\" frameborder=\"0\" allow=\"accelerometer; autoplay; clipboard-write; encrypted-media; gyroscope; picture-in-picture; web-share\" allowfullscreen=\"allowfullscreen\"><\/iframe><\/p>\n","protected":false},"excerpt":{"rendered":"<p>Pr Jean-Louis Terra (2017) Les changements induits par les formations qui favorisent la p\u00e9rennisation de la pr\u00e9vention du suicide 2\u00e8me congr\u00e8s de la FTSLU F\u00e9d\u00e9ration Trauma Suicide Liaison Urgence Evaluer pour agir &#8211; Comment am\u00e9liorer et transmettre nos pratiques des urgences psychiatriques du 20 au 23 mars 2017 &#8211; Maison [&hellip;]<\/p>\n","protected":false},"author":2,"featured_media":0,"comment_status":"open","ping_status":"closed","sticky":false,"template":"","format":"standard","meta":[],"categories":[4,7,9],"tags":[],"_links":{"self":[{"href":"http:\/\/humanitas.asso.free.fr\/index.php?rest_route=\/wp\/v2\/posts\/1811"}],"collection":[{"href":"http:\/\/humanitas.asso.free.fr\/index.php?rest_route=\/wp\/v2\/posts"}],"about":[{"href":"http:\/\/humanitas.asso.free.fr\/index.php?rest_route=\/wp\/v2\/types\/post"}],"author":[{"embeddable":true,"href":"http:\/\/humanitas.asso.free.fr\/index.php?rest_route=\/wp\/v2\/users\/2"}],"replies":[{"embeddable":true,"href":"http:\/\/humanitas.asso.free.fr\/index.php?rest_route=%2Fwp%2Fv2%2Fcomments&post=1811"}],"version-history":[{"count":0,"href":"http:\/\/humanitas.asso.free.fr\/index.php?rest_route=\/wp\/v2\/posts\/1811\/revisions"}],"wp:attachment":[{"href":"http:\/\/humanitas.asso.free.fr\/index.php?rest_route=%2Fwp%2Fv2%2Fmedia&parent=1811"}],"wp:term":[{"taxonomy":"category","embeddable":true,"href":"http:\/\/humanitas.asso.free.fr\/index.php?rest_route=%2Fwp%2Fv2%2Fcategories&post=1811"},{"taxonomy":"post_tag","embeddable":true,"href":"http:\/\/humanitas.asso.free.fr\/index.php?rest_route=%2Fwp%2Fv2%2Ftags&post=1811"}],"curies":[{"name":"wp","href":"https:\/\/api.w.org\/{rel}","templated":true}]}}