{"id":1814,"date":"2023-10-01T10:20:00","date_gmt":"2023-10-01T09:20:00","guid":{"rendered":"http:\/\/humanitas.asso.free.fr\/?p=1714"},"modified":"2023-10-01T10:20:00","modified_gmt":"2023-10-01T09:20:00","slug":"pr-jean-louis-terra-2017-suicide-idees-recues","status":"publish","type":"post","link":"http:\/\/humanitas.asso.free.fr\/?p=1814","title":{"rendered":"Pr Jean Louis TERRA (2017) Suicide, id\u00e9es re\u00e7ues"},"content":{"rendered":"<p><span>\u00c0 l&rsquo;occasion des 22\u00e8mes Journ\u00e9es nationales de pr\u00e9vention du suicide, le Professeur Jean-Louis Terra bouscule nos id\u00e9es re\u00e7ues ! Jean-Louis Terra est psychiatre, professeur de psychiatrie et responsable du Centre de Pr\u00e9vention du Suicide de Lyon. Interview compl\u00e8te \u00e9galement disponible en <\/span><span>#replay<\/span><span> : bit.ly\/2iYPvQa \u25ba STOP SUICIDE tous les jours de 15h \u00e0 23h au 04 72 70 95 10 <a href=\"https:\/\/www.ilya1espoir.com\">https:\/\/www.ilya1espoir.com<\/a>\u00a0<\/span><\/p>\n<p><iframe loading=\"lazy\" width=\"560\" height=\"315\" src=\"https:\/\/www.youtube.com\/embed\/hIDqF6SJOqQ?si=RyRpuwtdTDbgmtkW\" title=\"YouTube video player\" frameborder=\"0\" allow=\"accelerometer; autoplay; clipboard-write; encrypted-media; gyroscope; picture-in-picture; web-share\" allowfullscreen=\"allowfullscreen\"><\/iframe><\/p>\n<p><strong>Pour \u00e9couter l&rsquo;Interview compl\u00e8te (ESSENTIEL Radio, sept 2017) :<\/strong><\/p>\n<p><iframe loading=\"lazy\" width=\"560\" height=\"315\" src=\"https:\/\/www.youtube.com\/embed\/XyMqySZcJ_s?si=MNsM-fM3mRO3KzyB\" title=\"YouTube video player\" frameborder=\"0\" allow=\"accelerometer; autoplay; clipboard-write; encrypted-media; gyroscope; picture-in-picture; web-share\" allowfullscreen=\"allowfullscreen\"><\/iframe><\/p>\n<p><strong>\u00a0L&rsquo;interview sur soundcloud:\u00a0 <\/strong><a href=\"https:\/\/soundcloud.com\/essentiel-radio\/l-actuparles-la-mort-dans-l-ame\">https:\/\/soundcloud.com\/essentiel-radio\/l-actuparles-la-mort-dans-l-ame<\/a><\/p>\n<p>&nbsp;<\/p>\n","protected":false},"excerpt":{"rendered":"<p>\u00c0 l&rsquo;occasion des 22\u00e8mes Journ\u00e9es nationales de pr\u00e9vention du suicide, le Professeur Jean-Louis Terra bouscule nos id\u00e9es re\u00e7ues ! Jean-Louis Terra est psychiatre, professeur de psychiatrie et responsable du Centre de Pr\u00e9vention du Suicide de Lyon. Interview compl\u00e8te \u00e9galement disponible en #replay : bit.ly\/2iYPvQa \u25ba STOP SUICIDE tous les jours [&hellip;]<\/p>\n","protected":false},"author":2,"featured_media":0,"comment_status":"open","ping_status":"closed","sticky":false,"template":"","format":"standard","meta":[],"categories":[3,4],"tags":[],"_links":{"self":[{"href":"http:\/\/humanitas.asso.free.fr\/index.php?rest_route=\/wp\/v2\/posts\/1814"}],"collection":[{"href":"http:\/\/humanitas.asso.free.fr\/index.php?rest_route=\/wp\/v2\/posts"}],"about":[{"href":"http:\/\/humanitas.asso.free.fr\/index.php?rest_route=\/wp\/v2\/types\/post"}],"author":[{"embeddable":true,"href":"http:\/\/humanitas.asso.free.fr\/index.php?rest_route=\/wp\/v2\/users\/2"}],"replies":[{"embeddable":true,"href":"http:\/\/humanitas.asso.free.fr\/index.php?rest_route=%2Fwp%2Fv2%2Fcomments&post=1814"}],"version-history":[{"count":0,"href":"http:\/\/humanitas.asso.free.fr\/index.php?rest_route=\/wp\/v2\/posts\/1814\/revisions"}],"wp:attachment":[{"href":"http:\/\/humanitas.asso.free.fr\/index.php?rest_route=%2Fwp%2Fv2%2Fmedia&parent=1814"}],"wp:term":[{"taxonomy":"category","embeddable":true,"href":"http:\/\/humanitas.asso.free.fr\/index.php?rest_route=%2Fwp%2Fv2%2Fcategories&post=1814"},{"taxonomy":"post_tag","embeddable":true,"href":"http:\/\/humanitas.asso.free.fr\/index.php?rest_route=%2Fwp%2Fv2%2Ftags&post=1814"}],"curies":[{"name":"wp","href":"https:\/\/api.w.org\/{rel}","templated":true}]}}