{"id":761,"date":"2012-10-02T14:24:15","date_gmt":"2012-10-02T13:24:15","guid":{"rendered":"http:\/\/prevention.suicide.free.fr\/?p=761"},"modified":"2012-10-02T14:24:15","modified_gmt":"2012-10-02T13:24:15","slug":"psychologies-com-2012-10-idees-fausses-sur-le-suicide","status":"publish","type":"post","link":"http:\/\/humanitas.asso.free.fr\/?p=761","title":{"rendered":"Psychologies.com (2012) 10 id\u00e9es fausses sur le suicide"},"content":{"rendered":"<h3><strong>Suicide: 10 id\u00e9es fausses<\/strong><\/h3>\n<p>Psychologie Magazine<\/p>\n<div>\n<blockquote><p>Se suicider, \u00ab c\u2019est faire preuve de l\u00e2chet\u00e9\u00bb, \u00ab c\u2019est h\u00e9r\u00e9ditaire \u00bb, \u00ab c\u2019est souffrir d\u2019un trouble mental \u00bb\u2026 Autant d\u2019id\u00e9es re\u00e7ues qui ne refl\u00e8tent pas du tout la r\u00e9alit\u00e9 de la personne qui pense mettre fin \u00e0 ses jours. B\u00e9n\u00e9dicte Novis, \u00e9coutante de\u00a0<em>SOS Suicide-Ph\u00e9nix, Lyon<\/em>, nous explique en quoi ces croyances sont fausses.\u00a0Marjorie Lenhardt<\/p><\/blockquote>\n<p><a href=\"http:\/\/www.psychologies.com\/Moi\/Epreuves\/Suicide\/Articles-et-Dossiers\/Comment-prevenir-le-suicide\/Suicide-10-idees-fausses\" target=\"_blank\" rel=\"noopener\"><img decoding=\"async\" loading=\"lazy\" class=\"alignleft size-full wp-image-769\" src=\"http:\/\/prevention.suicide.free.fr\/wp-content\/uploads\/Icone-article.png\" alt=\"\" width=\"48\" height=\"32\" \/>\u00a0<\/a><\/p>\n<p><a href=\"http:\/\/www.psychologies.com\/Moi\/Epreuves\/Suicide\/Articles-et-Dossiers\/Comment-prevenir-le-suicide\/Suicide-10-idees-fausses\" target=\"_blank\" rel=\"noopener\">Article: 10 id\u00e9es fausses sur le suicide<\/a><\/p>\n<\/div>\n","protected":false},"excerpt":{"rendered":"<p>Suicide: 10 id\u00e9es fausses Psychologie Magazine Se suicider, \u00ab c\u2019est faire preuve de l\u00e2chet\u00e9\u00bb, \u00ab c\u2019est h\u00e9r\u00e9ditaire \u00bb, \u00ab c\u2019est souffrir d\u2019un trouble mental \u00bb\u2026 Autant d\u2019id\u00e9es re\u00e7ues qui ne refl\u00e8tent pas du tout la r\u00e9alit\u00e9 de la personne qui pense mettre fin \u00e0 ses jours. B\u00e9n\u00e9dicte Novis, \u00e9coutante de\u00a0SOS [&hellip;]<\/p>\n","protected":false},"author":1,"featured_media":0,"comment_status":"open","ping_status":"open","sticky":false,"template":"","format":"standard","meta":[],"categories":[18],"tags":[],"_links":{"self":[{"href":"http:\/\/humanitas.asso.free.fr\/index.php?rest_route=\/wp\/v2\/posts\/761"}],"collection":[{"href":"http:\/\/humanitas.asso.free.fr\/index.php?rest_route=\/wp\/v2\/posts"}],"about":[{"href":"http:\/\/humanitas.asso.free.fr\/index.php?rest_route=\/wp\/v2\/types\/post"}],"author":[{"embeddable":true,"href":"http:\/\/humanitas.asso.free.fr\/index.php?rest_route=\/wp\/v2\/users\/1"}],"replies":[{"embeddable":true,"href":"http:\/\/humanitas.asso.free.fr\/index.php?rest_route=%2Fwp%2Fv2%2Fcomments&post=761"}],"version-history":[{"count":0,"href":"http:\/\/humanitas.asso.free.fr\/index.php?rest_route=\/wp\/v2\/posts\/761\/revisions"}],"wp:attachment":[{"href":"http:\/\/humanitas.asso.free.fr\/index.php?rest_route=%2Fwp%2Fv2%2Fmedia&parent=761"}],"wp:term":[{"taxonomy":"category","embeddable":true,"href":"http:\/\/humanitas.asso.free.fr\/index.php?rest_route=%2Fwp%2Fv2%2Fcategories&post=761"},{"taxonomy":"post_tag","embeddable":true,"href":"http:\/\/humanitas.asso.free.fr\/index.php?rest_route=%2Fwp%2Fv2%2Ftags&post=761"}],"curies":[{"name":"wp","href":"https:\/\/api.w.org\/{rel}","templated":true}]}}